{"id":9552,"date":"2016-09-09T10:27:00","date_gmt":"2016-09-09T09:27:00","guid":{"rendered":"http:\/\/www.xn--mks-lningen-vfb.de\/?p=9552"},"modified":"2016-10-19T07:17:21","modified_gmt":"2016-10-19T06:17:21","slug":"ausflug-zum-landesmuseum-natur-und-mensch","status":"publish","type":"post","link":"https:\/\/www.xn--mks-lningen-vfb.de\/?p=9552","title":{"rendered":"Ausflug zum Landesmuseum Natur und Mensch"},"content":{"rendered":"<p><a href=\"http:\/\/www.xn--mks-lningen-vfb.de\/wp-content\/uploads\/2016\/09\/20160907_113344.jpg\" rel=\"lightbox[9552]\"><img loading=\"lazy\" decoding=\"async\" class=\"alignleft size-medium wp-image-9553\" src=\"http:\/\/www.xn--mks-lningen-vfb.de\/wp-content\/uploads\/2016\/09\/20160907_113344-300x168.jpg\" alt=\"20160907_113344\" width=\"300\" height=\"168\" data-id=\"9553\" srcset=\"https:\/\/www.xn--mks-lningen-vfb.de\/wp-content\/uploads\/2016\/09\/20160907_113344-300x168.jpg 300w, https:\/\/www.xn--mks-lningen-vfb.de\/wp-content\/uploads\/2016\/09\/20160907_113344.jpg 448w\" sizes=\"auto, (max-width: 300px) 100vw, 300px\" \/><\/a>Am Mittwoch, dem 07.09.2016, ist die Klasse L 5-6 mit Frau Schwarz nach Oldenburg ins Landesmuseum f\u00fcr Natur und Mensch gefahren. Dort wollten\u00a0sie noch mehr \u00fcber das Thema \u201eSteinzeit\u201c erfahren. Dazu ging folgender Beitrag der Klasse ein:<\/p>\n<p>Wir haben uns alle morgens in Essen am Bahnhof getroffen. Von dort sind wir mit der Nordwestbahn nach Oldenburg zum Hauptbahnhof gefahren. Das war richtig toll, f\u00fcr manche von uns war es die erste Zugfahrt ihres Lebens. In Oldenburg sind wir zu Fu\u00df zum Museum gegangen, das dauerte ungef\u00e4hr 15 Minuten und war bei dem sch\u00f6nen Wetter wirklich super. Man musste nur ganz sch\u00f6n aufpassen, dass man vom Gehweg nicht auf den Radweg trat, es waren sehr viele Fahrradfahrer unterwegs! Im Museum haben wir zun\u00e4chst in der Cafeteria gefr\u00fchst\u00fcckt, wir waren n\u00e4mlich ganz sch\u00f6n hungrig. Dann ging es los: Hannes (so hie\u00df der nette Mann, der uns durch die Ausstellung gef\u00fchrt hat) ist zu Beginn mit uns in den Raum der \u201eschwebenden Steine\u201c gegangen und hat uns erkl\u00e4rt, wie die Feuer- und Granitsteine zu uns gekommen sind \u2013 n\u00e4mlich durch Gletscher. Au\u00dferdem haben wir erfahren, dass die Nordsee vor 10.000 Jahren noch Land war, auf dem Mammuts lebten. Hannes hat uns sogar den versteinerten Backenzahn eines Mammuts gezeigt! Im n\u00e4chsten Raum haben wir Waffen der Steinzeitmenschen gesehen und Hannes hat gezeigt, wie man mit einem Feuerstein und einem Pyrit Feuer machen kann. Zum Schluss sind wir in den Werkraum gegangen. Dort konnten wir selbst aus Schiefer, Leder und Federn einen Talisman herstellen. Diese Ketten sind total sch\u00f6n geworden und die Arbeit hat wirklich viel Spa\u00df gemacht. Wir durften im Werkraum auch noch den Mahlstein ausprobieren, mit dem wir aus Weizen Mehl gemahlen haben. Au\u00dferdem gab es auch noch ein Ger\u00e4t, mit dem L\u00f6cher in Steine gebohrt werden konnten.<\/p>\n<p><a href=\"http:\/\/www.xn--mks-lningen-vfb.de\/wp-content\/uploads\/2016\/09\/20160907_101757.jpg\" rel=\"lightbox[9552]\"><img loading=\"lazy\" decoding=\"async\" class=\"alignleft wp-image-9554 size-thumbnail\" src=\"http:\/\/www.xn--mks-lningen-vfb.de\/wp-content\/uploads\/2016\/09\/20160907_101757-150x150.jpg\" alt=\"20160907_101757\" width=\"150\" height=\"150\" data-id=\"9554\" \/><\/a> <a href=\"http:\/\/www.xn--mks-lningen-vfb.de\/wp-content\/uploads\/2016\/09\/20160907_105700.jpg\" rel=\"lightbox[9552]\"><img loading=\"lazy\" decoding=\"async\" class=\"alignleft wp-image-9555 size-thumbnail\" src=\"http:\/\/www.xn--mks-lningen-vfb.de\/wp-content\/uploads\/2016\/09\/20160907_105700-150x150.jpg\" alt=\"20160907_105700\" width=\"150\" height=\"150\" data-id=\"9555\" \/><\/a> <a href=\"http:\/\/www.xn--mks-lningen-vfb.de\/wp-content\/uploads\/2016\/09\/20160907_111010.jpg\" rel=\"lightbox[9552]\"><img loading=\"lazy\" decoding=\"async\" class=\"alignleft wp-image-9556 size-thumbnail\" src=\"http:\/\/www.xn--mks-lningen-vfb.de\/wp-content\/uploads\/2016\/09\/20160907_111010-150x150.jpg\" alt=\"20160907_111010\" width=\"150\" height=\"150\" data-id=\"9556\" \/><\/a> <a href=\"http:\/\/www.xn--mks-lningen-vfb.de\/wp-content\/uploads\/2016\/09\/20160907_111505.jpg\" rel=\"lightbox[9552]\"><img loading=\"lazy\" decoding=\"async\" class=\"alignleft wp-image-9557 size-thumbnail\" src=\"http:\/\/www.xn--mks-lningen-vfb.de\/wp-content\/uploads\/2016\/09\/20160907_111505-150x150.jpg\" alt=\"20160907_111505\" width=\"150\" height=\"150\" data-id=\"9557\" \/><\/a> <a href=\"http:\/\/www.xn--mks-lningen-vfb.de\/wp-content\/uploads\/2016\/09\/20160907_112714.jpg\" rel=\"lightbox[9552]\"><img loading=\"lazy\" decoding=\"async\" class=\"alignleft wp-image-9558 size-thumbnail\" src=\"http:\/\/www.xn--mks-lningen-vfb.de\/wp-content\/uploads\/2016\/09\/20160907_112714-150x150.jpg\" alt=\"20160907_112714\" width=\"150\" height=\"150\" data-id=\"9558\" \/><\/a><\/p>\n<p>Am Ende haben wir noch ein gemeinsames Foto gemacht und sind durch den Sonnenschein wieder zur\u00fcck zum Bahnhof gegangen. Dort hatten wir noch ein bisschen Zeit, bis der Zug abfuhr, deswegen haben wir uns noch ein k\u00fchles k\u00f6stliches Eis gekauft. Das war lecker! Am Bahnhof in Essen wurden wir dann von unseren Eltern wieder abgeholt. Es war ein spannender und richtig sch\u00f6ner Tag mit der ganzen Klasse!!!<\/p>\n","protected":false},"excerpt":{"rendered":"<p>Am Mittwoch, dem 07.09.2016, ist die Klasse L 5-6 mit Frau Schwarz nach Oldenburg ins Landesmuseum f\u00fcr Natur und Mensch gefahren. Dort wollten\u00a0sie noch mehr \u00fcber das Thema \u201eSteinzeit\u201c erfahren. Dazu ging folgender Beitrag der Klasse ein: Wir haben uns &hellip; <a href=\"https:\/\/www.xn--mks-lningen-vfb.de\/?p=9552\">Weiterlesen <span class=\"meta-nav\">&rarr;<\/span><\/a><\/p>\n","protected":false},"author":2,"featured_media":0,"comment_status":"closed","ping_status":"closed","sticky":false,"template":"","format":"standard","meta":{"footnotes":"","_links_to":"","_links_to_target":""},"categories":[4],"tags":[],"class_list":["post-9552","post","type-post","status-publish","format-standard","hentry","category-aktuelles"],"_links":{"self":[{"href":"https:\/\/www.xn--mks-lningen-vfb.de\/index.php?rest_route=\/wp\/v2\/posts\/9552","targetHints":{"allow":["GET"]}}],"collection":[{"href":"https:\/\/www.xn--mks-lningen-vfb.de\/index.php?rest_route=\/wp\/v2\/posts"}],"about":[{"href":"https:\/\/www.xn--mks-lningen-vfb.de\/index.php?rest_route=\/wp\/v2\/types\/post"}],"author":[{"embeddable":true,"href":"https:\/\/www.xn--mks-lningen-vfb.de\/index.php?rest_route=\/wp\/v2\/users\/2"}],"replies":[{"embeddable":true,"href":"https:\/\/www.xn--mks-lningen-vfb.de\/index.php?rest_route=%2Fwp%2Fv2%2Fcomments&post=9552"}],"version-history":[{"count":4,"href":"https:\/\/www.xn--mks-lningen-vfb.de\/index.php?rest_route=\/wp\/v2\/posts\/9552\/revisions"}],"predecessor-version":[{"id":9574,"href":"https:\/\/www.xn--mks-lningen-vfb.de\/index.php?rest_route=\/wp\/v2\/posts\/9552\/revisions\/9574"}],"wp:attachment":[{"href":"https:\/\/www.xn--mks-lningen-vfb.de\/index.php?rest_route=%2Fwp%2Fv2%2Fmedia&parent=9552"}],"wp:term":[{"taxonomy":"category","embeddable":true,"href":"https:\/\/www.xn--mks-lningen-vfb.de\/index.php?rest_route=%2Fwp%2Fv2%2Fcategories&post=9552"},{"taxonomy":"post_tag","embeddable":true,"href":"https:\/\/www.xn--mks-lningen-vfb.de\/index.php?rest_route=%2Fwp%2Fv2%2Ftags&post=9552"}],"curies":[{"name":"wp","href":"https:\/\/api.w.org\/{rel}","templated":true}]}}