{"id":9510,"date":"2016-08-30T11:23:14","date_gmt":"2016-08-30T10:23:14","guid":{"rendered":"http:\/\/www.xn--mks-lningen-vfb.de\/?p=9510"},"modified":"2016-08-30T11:23:14","modified_gmt":"2016-08-30T10:23:14","slug":"elternabend","status":"publish","type":"post","link":"https:\/\/www.xn--mks-lningen-vfb.de\/?p=9510","title":{"rendered":"Elternabend"},"content":{"rendered":"<p><a href=\"http:\/\/www.xn--mks-lningen-vfb.de\/wp-content\/uploads\/2016\/08\/IMG_9714.jpg\" rel=\"lightbox[9510]\"><img loading=\"lazy\" decoding=\"async\" class=\"alignleft size-medium wp-image-9511\" src=\"http:\/\/www.xn--mks-lningen-vfb.de\/wp-content\/uploads\/2016\/08\/IMG_9714-300x148.jpg\" alt=\"IMG_9714\" width=\"300\" height=\"148\" data-id=\"9511\" srcset=\"https:\/\/www.xn--mks-lningen-vfb.de\/wp-content\/uploads\/2016\/08\/IMG_9714-300x148.jpg 300w, https:\/\/www.xn--mks-lningen-vfb.de\/wp-content\/uploads\/2016\/08\/IMG_9714-1024x506.jpg 1024w, https:\/\/www.xn--mks-lningen-vfb.de\/wp-content\/uploads\/2016\/08\/IMG_9714-500x247.jpg 500w\" sizes=\"auto, (max-width: 300px) 100vw, 300px\" \/><\/a>Auf dem\u00a0gut besuchten Elternabend am 29.8.16 wurden die Eltern \u00fcber die m\u00f6glichen beruflichen Perspektiven f\u00fcr Sch\u00fclerinnen und Sch\u00fcler von F\u00f6rderschulen informiert. Dazu hatte die Schule die Dipl. Sozialp\u00e4dagogin Frau Schnipper, Mitarbeiterin \u00a0f\u00fcr berufliche F\u00f6rderung und Integration vom Meyer-Hof sowie der Initiative Inklusion vom Kultusministerium eingeladen. Sie\u00a0gab einen umfassenden \u00dcberblick \u00fcber die vielen Unterst\u00fctzungsm\u00f6glichkeiten vom \u00dcbergang von der Schule in das Arbeitsleben. Als Dankesch\u00f6n f\u00fcr den sehr informativen Vortrag, der den Eltern eine \u00fcberaus positive und Mut machende Zukunftsperspektive vermittelte, \u00fcbergab Frau Krassen ihr einen Blumenstrau\u00df.<\/p>\n<p><a href=\"http:\/\/www.xn--mks-lningen-vfb.de\/wp-content\/uploads\/2016\/08\/IMG_9722.jpg\" rel=\"lightbox[9510]\"><img loading=\"lazy\" decoding=\"async\" class=\"alignleft wp-image-9512 size-thumbnail\" src=\"http:\/\/www.xn--mks-lningen-vfb.de\/wp-content\/uploads\/2016\/08\/IMG_9722-150x150.jpg\" alt=\"IMG_9722\" width=\"150\" height=\"150\" data-id=\"9512\" \/><\/a> <a href=\"http:\/\/www.xn--mks-lningen-vfb.de\/wp-content\/uploads\/2016\/08\/IMG_9724.jpg\" rel=\"lightbox[9510]\"><img loading=\"lazy\" decoding=\"async\" class=\"alignleft wp-image-9513 size-thumbnail\" src=\"http:\/\/www.xn--mks-lningen-vfb.de\/wp-content\/uploads\/2016\/08\/IMG_9724-150x150.jpg\" alt=\"IMG_9724\" width=\"150\" height=\"150\" data-id=\"9513\" \/><\/a><\/p>\n","protected":false},"excerpt":{"rendered":"<p>Auf dem\u00a0gut besuchten Elternabend am 29.8.16 wurden die Eltern \u00fcber die m\u00f6glichen beruflichen Perspektiven f\u00fcr Sch\u00fclerinnen und Sch\u00fcler von F\u00f6rderschulen informiert. Dazu hatte die Schule die Dipl. Sozialp\u00e4dagogin Frau Schnipper, Mitarbeiterin \u00a0f\u00fcr berufliche F\u00f6rderung und Integration vom Meyer-Hof sowie der &hellip; <a href=\"https:\/\/www.xn--mks-lningen-vfb.de\/?p=9510\">Weiterlesen <span class=\"meta-nav\">&rarr;<\/span><\/a><\/p>\n","protected":false},"author":2,"featured_media":0,"comment_status":"closed","ping_status":"closed","sticky":false,"template":"","format":"standard","meta":{"footnotes":"","_links_to":"","_links_to_target":""},"categories":[4],"tags":[],"class_list":["post-9510","post","type-post","status-publish","format-standard","hentry","category-aktuelles"],"_links":{"self":[{"href":"https:\/\/www.xn--mks-lningen-vfb.de\/index.php?rest_route=\/wp\/v2\/posts\/9510","targetHints":{"allow":["GET"]}}],"collection":[{"href":"https:\/\/www.xn--mks-lningen-vfb.de\/index.php?rest_route=\/wp\/v2\/posts"}],"about":[{"href":"https:\/\/www.xn--mks-lningen-vfb.de\/index.php?rest_route=\/wp\/v2\/types\/post"}],"author":[{"embeddable":true,"href":"https:\/\/www.xn--mks-lningen-vfb.de\/index.php?rest_route=\/wp\/v2\/users\/2"}],"replies":[{"embeddable":true,"href":"https:\/\/www.xn--mks-lningen-vfb.de\/index.php?rest_route=%2Fwp%2Fv2%2Fcomments&post=9510"}],"version-history":[{"count":2,"href":"https:\/\/www.xn--mks-lningen-vfb.de\/index.php?rest_route=\/wp\/v2\/posts\/9510\/revisions"}],"predecessor-version":[{"id":9515,"href":"https:\/\/www.xn--mks-lningen-vfb.de\/index.php?rest_route=\/wp\/v2\/posts\/9510\/revisions\/9515"}],"wp:attachment":[{"href":"https:\/\/www.xn--mks-lningen-vfb.de\/index.php?rest_route=%2Fwp%2Fv2%2Fmedia&parent=9510"}],"wp:term":[{"taxonomy":"category","embeddable":true,"href":"https:\/\/www.xn--mks-lningen-vfb.de\/index.php?rest_route=%2Fwp%2Fv2%2Fcategories&post=9510"},{"taxonomy":"post_tag","embeddable":true,"href":"https:\/\/www.xn--mks-lningen-vfb.de\/index.php?rest_route=%2Fwp%2Fv2%2Ftags&post=9510"}],"curies":[{"name":"wp","href":"https:\/\/api.w.org\/{rel}","templated":true}]}}