{"id":8912,"date":"2016-06-23T11:14:10","date_gmt":"2016-06-23T10:14:10","guid":{"rendered":"http:\/\/www.xn--mks-lningen-vfb.de\/?p=8912"},"modified":"2016-08-17T17:03:36","modified_gmt":"2016-08-17T16:03:36","slug":"schulentlassung-der-jahrgaenge-9-und-12","status":"publish","type":"post","link":"https:\/\/www.xn--mks-lningen-vfb.de\/?p=8912","title":{"rendered":"Schulentlassung der Jahrg\u00e4nge 9 und 12"},"content":{"rendered":"<p><a href=\"http:\/\/www.xn--mks-lningen-vfb.de\/wp-content\/uploads\/2016\/06\/IMG_8744.jpg\" rel=\"lightbox[8912]\"><img loading=\"lazy\" decoding=\"async\" class=\"alignleft size-medium wp-image-8913\" src=\"http:\/\/www.xn--mks-lningen-vfb.de\/wp-content\/uploads\/2016\/06\/IMG_8744-300x182.jpg\" alt=\"IMG_8744\" width=\"300\" height=\"182\" data-id=\"8913\" srcset=\"https:\/\/www.xn--mks-lningen-vfb.de\/wp-content\/uploads\/2016\/06\/IMG_8744-300x182.jpg 300w, https:\/\/www.xn--mks-lningen-vfb.de\/wp-content\/uploads\/2016\/06\/IMG_8744.jpg 448w\" sizes=\"auto, (max-width: 300px) 100vw, 300px\" \/><\/a>Unsere Schulleiterin Frau Krassen konnte viele G\u00e4ste an diesem besonderen Tag begr\u00fc\u00dfen: die Stellvertretende Landr\u00e4tin Frau Marlies Huckelmann, den B\u00fcrgermeister der Stadt L\u00f6ningen, Markus Willen, die Schulelternratsvertreterin Frau B\u00e4ker, die Pastoralreferentin Frau Ahlers, die Eltern und Erziehungsberechtigten der Entlasssch\u00fclerinnen und \u2013Sch\u00fcler, die ehemalige Schulleiterin Frau Heile, die ehemaligen Lehrpersonen Doris Rode und Hans Apke, die fr\u00fchere Schulsekret\u00e4rin Frau Keppler, mehrere Strahlemannpaten, die Sch\u00fclerinnen und Sch\u00fcler der Klassen 8 und 10-11, die Entlass-Sch\u00fclerinnen und Sch\u00fcler sowie alle Lehrpersonen und p\u00e4dagogischen Mitarbeiterinnen und Mitarbeiter, die Sekret\u00e4rin Frau Schrandt und den Hausmeister Herrn T\u00f6bben. Nach einer sehr stimmungsvollen und gelungenen Feier w\u00fcnschte Frau Krassen\u00a0 alles Gute f\u00fcr die Zukunft und\u00a0viel Zeit zum Lachen, am besten mit anderen.<\/p>\n<p><img decoding=\"async\" class=\"ngg_displayed_gallery mceItem\" src=\"http:\/\/www.xn--mks-lningen-vfb.de\/index.php\/nextgen-attach_to_post\/preview\/id--9136\" alt=\"\" \/><\/p>\n","protected":false},"excerpt":{"rendered":"<p>Unsere Schulleiterin Frau Krassen konnte viele G\u00e4ste an diesem besonderen Tag begr\u00fc\u00dfen: die Stellvertretende Landr\u00e4tin Frau Marlies Huckelmann, den B\u00fcrgermeister der Stadt L\u00f6ningen, Markus Willen, die Schulelternratsvertreterin Frau B\u00e4ker, die Pastoralreferentin Frau Ahlers, die Eltern und Erziehungsberechtigten der Entlasssch\u00fclerinnen und &hellip; <a href=\"https:\/\/www.xn--mks-lningen-vfb.de\/?p=8912\">Weiterlesen <span class=\"meta-nav\">&rarr;<\/span><\/a><\/p>\n","protected":false},"author":2,"featured_media":0,"comment_status":"closed","ping_status":"closed","sticky":false,"template":"","format":"standard","meta":{"footnotes":"","_links_to":"","_links_to_target":""},"categories":[4],"tags":[],"class_list":["post-8912","post","type-post","status-publish","format-standard","hentry","category-aktuelles"],"_links":{"self":[{"href":"https:\/\/www.xn--mks-lningen-vfb.de\/index.php?rest_route=\/wp\/v2\/posts\/8912","targetHints":{"allow":["GET"]}}],"collection":[{"href":"https:\/\/www.xn--mks-lningen-vfb.de\/index.php?rest_route=\/wp\/v2\/posts"}],"about":[{"href":"https:\/\/www.xn--mks-lningen-vfb.de\/index.php?rest_route=\/wp\/v2\/types\/post"}],"author":[{"embeddable":true,"href":"https:\/\/www.xn--mks-lningen-vfb.de\/index.php?rest_route=\/wp\/v2\/users\/2"}],"replies":[{"embeddable":true,"href":"https:\/\/www.xn--mks-lningen-vfb.de\/index.php?rest_route=%2Fwp%2Fv2%2Fcomments&post=8912"}],"version-history":[{"count":2,"href":"https:\/\/www.xn--mks-lningen-vfb.de\/index.php?rest_route=\/wp\/v2\/posts\/8912\/revisions"}],"predecessor-version":[{"id":9435,"href":"https:\/\/www.xn--mks-lningen-vfb.de\/index.php?rest_route=\/wp\/v2\/posts\/8912\/revisions\/9435"}],"wp:attachment":[{"href":"https:\/\/www.xn--mks-lningen-vfb.de\/index.php?rest_route=%2Fwp%2Fv2%2Fmedia&parent=8912"}],"wp:term":[{"taxonomy":"category","embeddable":true,"href":"https:\/\/www.xn--mks-lningen-vfb.de\/index.php?rest_route=%2Fwp%2Fv2%2Fcategories&post=8912"},{"taxonomy":"post_tag","embeddable":true,"href":"https:\/\/www.xn--mks-lningen-vfb.de\/index.php?rest_route=%2Fwp%2Fv2%2Ftags&post=8912"}],"curies":[{"name":"wp","href":"https:\/\/api.w.org\/{rel}","templated":true}]}}