{"id":8332,"date":"2016-03-23T11:16:09","date_gmt":"2016-03-23T10:16:09","guid":{"rendered":"http:\/\/www.xn--mks-lningen-vfb.de\/?p=8332"},"modified":"2016-03-23T11:16:21","modified_gmt":"2016-03-23T10:16:21","slug":"vincenzcup","status":"publish","type":"post","link":"https:\/\/www.xn--mks-lningen-vfb.de\/?p=8332","title":{"rendered":"Vincenzcup"},"content":{"rendered":"<p><a href=\"http:\/\/www.xn--mks-lningen-vfb.de\/wp-content\/uploads\/2016\/03\/WP_20160315_12_02_28_Pro.jpg\" rel=\"lightbox[8332]\"><img loading=\"lazy\" decoding=\"async\" class=\"alignleft wp-image-8335 size-thumbnail\" src=\"http:\/\/www.xn--mks-lningen-vfb.de\/wp-content\/uploads\/2016\/03\/WP_20160315_12_02_28_Pro-150x150.jpg\" alt=\"WP_20160315_12_02_28_Pro\" width=\"150\" height=\"150\" data-id=\"8335\" \/><\/a><a href=\"http:\/\/www.xn--mks-lningen-vfb.de\/wp-content\/uploads\/2016\/03\/20160315_114441.jpg\" rel=\"lightbox[8332]\"><img loading=\"lazy\" decoding=\"async\" class=\"alignleft wp-image-8334 size-thumbnail\" src=\"http:\/\/www.xn--mks-lningen-vfb.de\/wp-content\/uploads\/2016\/03\/20160315_114441-150x150.jpg\" alt=\"20160315_114441\" width=\"150\" height=\"150\" data-id=\"8334\" \/><\/a><a href=\"http:\/\/www.xn--mks-lningen-vfb.de\/wp-content\/uploads\/2016\/03\/20160315_094717.jpg\" rel=\"lightbox[8332]\"><img loading=\"lazy\" decoding=\"async\" class=\"alignleft wp-image-8333 size-thumbnail\" src=\"http:\/\/www.xn--mks-lningen-vfb.de\/wp-content\/uploads\/2016\/03\/20160315_094717-150x150.jpg\" alt=\"20160315_094717\" width=\"150\" height=\"150\" data-id=\"8333\" \/><\/a><\/p>\n<p>&nbsp;<\/p>\n<p>&nbsp;<\/p>\n<p>Am 15.3.16 fand zum ersten Mal der Vincenzcup in Cloppenburg statt. Die Sch\u00fclerinnen und Sch\u00fcler der Sekundarstufe 1 des F\u00f6rderschwerpunktes GE nahmen daran teil. Begleitet wurden sie von Frau Schm\u00fccker und Herrn\u00a0Janzen.\u00a0Ein erfolgreicher 3. Platz war der\u00a0Lohn f\u00fcr viel Motivation und Spielfreude.<\/p>\n<p>&nbsp;<\/p>\n","protected":false},"excerpt":{"rendered":"<p>&nbsp; &nbsp; Am 15.3.16 fand zum ersten Mal der Vincenzcup in Cloppenburg statt. Die Sch\u00fclerinnen und Sch\u00fcler der Sekundarstufe 1 des F\u00f6rderschwerpunktes GE nahmen daran teil. Begleitet wurden sie von Frau Schm\u00fccker und Herrn\u00a0Janzen.\u00a0Ein erfolgreicher 3. Platz war der\u00a0Lohn f\u00fcr &hellip; <a href=\"https:\/\/www.xn--mks-lningen-vfb.de\/?p=8332\">Weiterlesen <span class=\"meta-nav\">&rarr;<\/span><\/a><\/p>\n","protected":false},"author":2,"featured_media":0,"comment_status":"closed","ping_status":"closed","sticky":false,"template":"","format":"standard","meta":{"footnotes":"","_links_to":"","_links_to_target":""},"categories":[4],"tags":[],"class_list":["post-8332","post","type-post","status-publish","format-standard","hentry","category-aktuelles"],"_links":{"self":[{"href":"https:\/\/www.xn--mks-lningen-vfb.de\/index.php?rest_route=\/wp\/v2\/posts\/8332","targetHints":{"allow":["GET"]}}],"collection":[{"href":"https:\/\/www.xn--mks-lningen-vfb.de\/index.php?rest_route=\/wp\/v2\/posts"}],"about":[{"href":"https:\/\/www.xn--mks-lningen-vfb.de\/index.php?rest_route=\/wp\/v2\/types\/post"}],"author":[{"embeddable":true,"href":"https:\/\/www.xn--mks-lningen-vfb.de\/index.php?rest_route=\/wp\/v2\/users\/2"}],"replies":[{"embeddable":true,"href":"https:\/\/www.xn--mks-lningen-vfb.de\/index.php?rest_route=%2Fwp%2Fv2%2Fcomments&post=8332"}],"version-history":[{"count":3,"href":"https:\/\/www.xn--mks-lningen-vfb.de\/index.php?rest_route=\/wp\/v2\/posts\/8332\/revisions"}],"predecessor-version":[{"id":8338,"href":"https:\/\/www.xn--mks-lningen-vfb.de\/index.php?rest_route=\/wp\/v2\/posts\/8332\/revisions\/8338"}],"wp:attachment":[{"href":"https:\/\/www.xn--mks-lningen-vfb.de\/index.php?rest_route=%2Fwp%2Fv2%2Fmedia&parent=8332"}],"wp:term":[{"taxonomy":"category","embeddable":true,"href":"https:\/\/www.xn--mks-lningen-vfb.de\/index.php?rest_route=%2Fwp%2Fv2%2Fcategories&post=8332"},{"taxonomy":"post_tag","embeddable":true,"href":"https:\/\/www.xn--mks-lningen-vfb.de\/index.php?rest_route=%2Fwp%2Fv2%2Ftags&post=8332"}],"curies":[{"name":"wp","href":"https:\/\/api.w.org\/{rel}","templated":true}]}}