{"id":16432,"date":"2025-12-08T11:53:25","date_gmt":"2025-12-08T10:53:25","guid":{"rendered":"https:\/\/www.xn--mks-lningen-vfb.de\/?p=16432"},"modified":"2025-12-08T11:53:25","modified_gmt":"2025-12-08T10:53:25","slug":"die-mks-auf-dem-weihnachtsmarkt-2","status":"publish","type":"post","link":"https:\/\/www.xn--mks-lningen-vfb.de\/?p=16432","title":{"rendered":"Die MKS auf dem Weihnachtsmarkt"},"content":{"rendered":"\n<div class=\"wp-block-media-text is-stacked-on-mobile\"><figure class=\"wp-block-media-text__media\"><img loading=\"lazy\" decoding=\"async\" width=\"1024\" height=\"768\" src=\"https:\/\/www.xn--mks-lningen-vfb.de\/wp-content\/uploads\/2025\/12\/b93f6ed2-fa1f-4dca-9e76-52818fe5f699-1024x768.jpg\" alt=\"\" class=\"wp-image-16433 size-full\" srcset=\"https:\/\/www.xn--mks-lningen-vfb.de\/wp-content\/uploads\/2025\/12\/b93f6ed2-fa1f-4dca-9e76-52818fe5f699-1024x768.jpg 1024w, https:\/\/www.xn--mks-lningen-vfb.de\/wp-content\/uploads\/2025\/12\/b93f6ed2-fa1f-4dca-9e76-52818fe5f699-300x225.jpg 300w, https:\/\/www.xn--mks-lningen-vfb.de\/wp-content\/uploads\/2025\/12\/b93f6ed2-fa1f-4dca-9e76-52818fe5f699-768x576.jpg 768w, https:\/\/www.xn--mks-lningen-vfb.de\/wp-content\/uploads\/2025\/12\/b93f6ed2-fa1f-4dca-9e76-52818fe5f699-1536x1152.jpg 1536w, https:\/\/www.xn--mks-lningen-vfb.de\/wp-content\/uploads\/2025\/12\/b93f6ed2-fa1f-4dca-9e76-52818fe5f699-400x300.jpg 400w, https:\/\/www.xn--mks-lningen-vfb.de\/wp-content\/uploads\/2025\/12\/b93f6ed2-fa1f-4dca-9e76-52818fe5f699.jpg 2048w\" sizes=\"auto, (max-width: 1024px) 100vw, 1024px\" \/><\/figure><div class=\"wp-block-media-text__content\">\n<p>Die Sch\u00fclerinnen und Sch\u00fcler waren in diesem Jahr sehr flei\u00dfig und haben viele sch\u00f6ne weihnachtliche Produkte auf dem diesj\u00e4hrigen L\u00f6ninger Weihnachtsmarkt am 6. und 7.12.25 anbieten k\u00f6nnen. Allen herzlichen Dank f\u00fcr die viele M\u00fche!<\/p>\n<\/div><\/div>\n","protected":false},"excerpt":{"rendered":"<p>Die Sch\u00fclerinnen und Sch\u00fcler waren in diesem Jahr sehr flei\u00dfig und haben viele sch\u00f6ne weihnachtliche Produkte auf dem diesj\u00e4hrigen L\u00f6ninger Weihnachtsmarkt am 6. und 7.12.25 anbieten k\u00f6nnen. Allen herzlichen Dank f\u00fcr die viele M\u00fche!<\/p>\n","protected":false},"author":2,"featured_media":0,"comment_status":"closed","ping_status":"closed","sticky":false,"template":"","format":"standard","meta":{"footnotes":"","_links_to":"","_links_to_target":""},"categories":[4],"tags":[],"class_list":["post-16432","post","type-post","status-publish","format-standard","hentry","category-aktuelles"],"_links":{"self":[{"href":"https:\/\/www.xn--mks-lningen-vfb.de\/index.php?rest_route=\/wp\/v2\/posts\/16432","targetHints":{"allow":["GET"]}}],"collection":[{"href":"https:\/\/www.xn--mks-lningen-vfb.de\/index.php?rest_route=\/wp\/v2\/posts"}],"about":[{"href":"https:\/\/www.xn--mks-lningen-vfb.de\/index.php?rest_route=\/wp\/v2\/types\/post"}],"author":[{"embeddable":true,"href":"https:\/\/www.xn--mks-lningen-vfb.de\/index.php?rest_route=\/wp\/v2\/users\/2"}],"replies":[{"embeddable":true,"href":"https:\/\/www.xn--mks-lningen-vfb.de\/index.php?rest_route=%2Fwp%2Fv2%2Fcomments&post=16432"}],"version-history":[{"count":1,"href":"https:\/\/www.xn--mks-lningen-vfb.de\/index.php?rest_route=\/wp\/v2\/posts\/16432\/revisions"}],"predecessor-version":[{"id":16434,"href":"https:\/\/www.xn--mks-lningen-vfb.de\/index.php?rest_route=\/wp\/v2\/posts\/16432\/revisions\/16434"}],"wp:attachment":[{"href":"https:\/\/www.xn--mks-lningen-vfb.de\/index.php?rest_route=%2Fwp%2Fv2%2Fmedia&parent=16432"}],"wp:term":[{"taxonomy":"category","embeddable":true,"href":"https:\/\/www.xn--mks-lningen-vfb.de\/index.php?rest_route=%2Fwp%2Fv2%2Fcategories&post=16432"},{"taxonomy":"post_tag","embeddable":true,"href":"https:\/\/www.xn--mks-lningen-vfb.de\/index.php?rest_route=%2Fwp%2Fv2%2Ftags&post=16432"}],"curies":[{"name":"wp","href":"https:\/\/api.w.org\/{rel}","templated":true}]}}